{"id":1148,"date":"2011-04-25T08:58:23","date_gmt":"2011-04-25T06:58:23","guid":{"rendered":"http:\/\/localhost\/cai\/?p=1148"},"modified":"2026-04-29T08:12:27","modified_gmt":"2026-04-29T06:12:27","slug":"due-novembre-2002","status":"publish","type":"post","link":"https:\/\/www.caipievedisoligo.it\/index.php\/2011\/04\/due-novembre-2002\/","title":{"rendered":"Racconti di Franco Donadel &#8211; &#8220;SECH SUL MOIO&#8221;"},"content":{"rendered":"<p style=\"text-align: justify;\">Due figure salgono lentamente il sentiero, le spalle curve sotto il peso degli zaini; chiacchierano sottovoce, ogni tanto, in bilico sui sassi, si fermano a riprendere fiato. Negli zaini hanno l\u2019occorrente per scalare ed attrezzare itinerari, ma questa volta per\u00f2 c\u00e8 qualcosa di diverso, l\u2019arrampicata \u00e8 un alibi , una scusa per chiacchierare e poter \u201cRAMPEGAR\u201d dentro se stessi alla ricerca di interrogativi che faticano a trovare risposte. Il cielo sembra partecipare al dialogo lasciando scivolare qualche lacrima dalle nuvole gonfie d\u2019 umidit\u00e0. Cos\u00ec, passo dopo passo, arrivano sotto la parete. Seduti sotto le rocce in silenzio, guardano l\u2019 orizzonte: i primi alberi sono nitidi e ben definiti, dietro gli alberi i contorni delle creste sfuocati dalle nebbie, oltre le creste il nulla, l\u2019 infinito; alle loro spalle la parete con le difficolt\u00e0 che dovranno affrontare. L\u2019 ambiente metafora di vita. Gi\u00e0\u2026. la vita\u2026. con le sue bellezze, le sue tragedie, il suo ignoto\u2026.. la nebbia\u2026.. il silenzio\u2026\u2026 i pensieri si dilatano, bisogna reagire. Svuotano gli zaini e si preparano come antichi cavalieri erranti in cerca di avventure, di dame da salvare, di draghi da sconfiggere. L\u2019intenzione \u00e8 quella di finire un vecchio progetto che aspetta da diverso tempo: chiodare una linea nuova e dedicarla ad un loro amico scomparso prematuramente. Si accingono al \u201crito dell\u2019attrezzatura\u201d, mettono la corda dall\u2019 alto, provano i passaggi, individuano dove mettere gli spits e finalmente il trapano, come un picchio metallico, canta nella nebbia silenziosa. Finito il lavoro, tirano gi\u00f9 la corda e dopo un breve riposo uno dei due prova a salire la via dal basso; la partenza \u00e8 un po\u2019 bagnata, sta molto attento a non scivolare, pi\u00f9 su la roccia \u00e8 asciutta, continua a salire, sempre pi\u00f9 in alto, sembra facile, la catena si avvicina, ma, ecco, sotto uno strapiombetto cade, riprova, cade riprova\u2026.., niente da fare\u2026, il\u201ddrago\u201d questa volta \u00e8 grosso, non si lascia sconfiggere\u2026., bisogner\u00e0 tornare con le armi pi\u00f9 affilate!!. Il compagno dopo essersi fatto raccontare le gesta dell\u2019 eroica impresa rinuncia ad affrontarlo, decidono comunque un nome da dare alla via. Un nome \u00e8 una cosa importante, serve a far ricordare, a far riconoscere, a far capire. \u201c SECH SUL MOIO \u201c \u00e8 quello che viene loro in mente dopo una giornata uggiosa, con le mani spellate, sanguinanti come i loro cuori trafitti da cento pensieri e, ridendo, sigillano il nome con una vigorosa stretta di mano. Calano le prime ombre della sera e lentamente s\u2019incamminano sul sentiero che porta alla pianura, verso le certezze e le incognite che li aspettano, un po\u2019 volentieri, un po\u2019 a malincuore.<\/p>\n<p style=\"text-align: center;\">A MASSIMILIANO, A TUTTI NOI.<\/p>\n<p style=\"text-align: center;\">Franco Donadel<\/p>\n","protected":false},"excerpt":{"rendered":"<p>Due figure salgono lentamente il sentiero, le spalle curve sotto il peso degli zaini; chiacchierano sottovoce, ogni tanto, in bilico sui sassi, si fermano a riprendere fiato. Negli zaini hanno&hellip;<\/p>\n","protected":false},"author":1,"featured_media":0,"comment_status":"closed","ping_status":"closed","sticky":false,"template":"","format":"standard","meta":{"footnotes":""},"categories":[215],"tags":[],"post_series":[],"_links":{"self":[{"href":"https:\/\/www.caipievedisoligo.it\/index.php\/wp-json\/wp\/v2\/posts\/1148"}],"collection":[{"href":"https:\/\/www.caipievedisoligo.it\/index.php\/wp-json\/wp\/v2\/posts"}],"about":[{"href":"https:\/\/www.caipievedisoligo.it\/index.php\/wp-json\/wp\/v2\/types\/post"}],"author":[{"embeddable":true,"href":"https:\/\/www.caipievedisoligo.it\/index.php\/wp-json\/wp\/v2\/users\/1"}],"replies":[{"embeddable":true,"href":"https:\/\/www.caipievedisoligo.it\/index.php\/wp-json\/wp\/v2\/comments?post=1148"}],"version-history":[{"count":4,"href":"https:\/\/www.caipievedisoligo.it\/index.php\/wp-json\/wp\/v2\/posts\/1148\/revisions"}],"predecessor-version":[{"id":11626,"href":"https:\/\/www.caipievedisoligo.it\/index.php\/wp-json\/wp\/v2\/posts\/1148\/revisions\/11626"}],"wp:attachment":[{"href":"https:\/\/www.caipievedisoligo.it\/index.php\/wp-json\/wp\/v2\/media?parent=1148"}],"wp:term":[{"taxonomy":"category","embeddable":true,"href":"https:\/\/www.caipievedisoligo.it\/index.php\/wp-json\/wp\/v2\/categories?post=1148"},{"taxonomy":"post_tag","embeddable":true,"href":"https:\/\/www.caipievedisoligo.it\/index.php\/wp-json\/wp\/v2\/tags?post=1148"},{"taxonomy":"post_series","embeddable":true,"href":"https:\/\/www.caipievedisoligo.it\/index.php\/wp-json\/wp\/v2\/post_series?post=1148"}],"curies":[{"name":"wp","href":"https:\/\/api.w.org\/{rel}","templated":true}]}}